{"id":689,"date":"2010-12-31T12:42:35","date_gmt":"2010-12-31T11:42:35","guid":{"rendered":"http:\/\/qnex.it\/?p=689"},"modified":"2018-02-20T13:01:18","modified_gmt":"2018-02-20T12:01:18","slug":"die-avisio-bahn-eine-bahn-fuer-das-cembra-fleims-und-fassatal-2010","status":"publish","type":"post","link":"http:\/\/qnex.it\/?p=689","title":{"rendered":"Die Avisio-Bahn: Eine Bahn f\u00fcr das Cembra-, Fleims- und Fassatal, 2010"},"content":{"rendered":"<p>Eine Bahnlinie f\u00fcr die Mobilit\u00e4tsbed\u00fcrfnisse des Fleims- und Fassatals, die \u00fcber das Cembratal eine schnelle Verbindung nach Trient und zur Brennerbahn herstellt. Die Linie bildet auch ein wesentliches Element in einen k\u00fcnftigen S-Bahn-Netz f\u00fcr die Trentiner Landeshauptstadt.<\/p>\n<p>Im Auftrag des Fassaner Vereines <a href=\"http:\/\/www.transdolomites.eu\" target=\"_blank\" rel=\"noopener\">Transdolomites<\/a>\u00a0hat Qnex eine Machbarkeitsstudie f\u00fcr eine Eisenbahn f\u00fcr das Fleims- und Fassatal erstellt.<\/p>\n<p>Nach einer geographischen Analyse des Gebietes sowie der Mobilit\u00e4t der Einwohner und Touristen und der Pr\u00fcfung m\u00f6glicher Trassenf\u00fchrungen in baulicher, wirtschaftlicher, sozialer und umweltpolitischer Hinsicht kommt die Studie zu einem konkreten Vorschlag: eine Bahnverbindung zwischen Trient und Alba di Canazei, mit 85 km L\u00e4nge, 26 Haltestellen, ca. 90 Minuten Gesamtfahrzeit und ca. 800 Millionen Euro Gesamtinvestition f\u00fcr ihre Umsetzung.<\/p>\n<p>Die Machbarkeitsstudie bildet die Grundlage f\u00fcr weiterf\u00fchrende Diskussionen und Grundsatzentscheidungen zur Entwicklung des \u00f6ffentlichen Verkehrs sowohl in den betroffenen T\u00e4lern als auch in den anderen Bezirken des Trentino.<\/p>\n<p><a href=\"http:\/\/qnex.it\/files\/TrenodellAvisio_Present_20100707.pdf\" target=\"_blank\" rel=\"noopener\">Pr\u00e4sentation 07.07.2010 (ital., PDF 3,6 MB)<\/a><\/p>\n<p>&nbsp;<\/p>\n<p><img loading=\"lazy\" decoding=\"async\" class=\"aligncenter size-full wp-image-690\" src=\"http:\/\/qnex.it\/wp-content\/uploads\/2018\/02\/sf_trentino_1.jpg\" alt=\"\" width=\"620\" height=\"364\" srcset=\"http:\/\/qnex.it\/wp-content\/uploads\/2018\/02\/sf_trentino_1.jpg 620w, http:\/\/qnex.it\/wp-content\/uploads\/2018\/02\/sf_trentino_1-300x176.jpg 300w\" sizes=\"auto, (max-width: 620px) 100vw, 620px\" \/><\/p>\n","protected":false},"excerpt":{"rendered":"<p>Eine Bahnlinie f\u00fcr die Mobilit\u00e4tsbed\u00fcrfnisse des Fleims- und Fassatals, die \u00fcber das Cembratal eine schnelle Verbindung nach Trient und zur Brennerbahn herstellt. Die Linie bildet auch ein wesentliches Element in &#8230;<\/p>\n","protected":false},"author":1,"featured_media":695,"comment_status":"closed","ping_status":"closed","sticky":false,"template":"","format":"standard","meta":{"footnotes":""},"categories":[13],"tags":[157,155,153,151,43,45,159,149],"class_list":["post-689","post","type-post","status-publish","format-standard","has-post-thumbnail","hentry","category-projekte","tag-analyse","tag-cembratal","tag-fassatal","tag-fleimstal","tag-oepnv","tag-oev","tag-treno-dellavisio","tag-trentino"],"_links":{"self":[{"href":"http:\/\/qnex.it\/index.php?rest_route=\/wp\/v2\/posts\/689","targetHints":{"allow":["GET"]}}],"collection":[{"href":"http:\/\/qnex.it\/index.php?rest_route=\/wp\/v2\/posts"}],"about":[{"href":"http:\/\/qnex.it\/index.php?rest_route=\/wp\/v2\/types\/post"}],"author":[{"embeddable":true,"href":"http:\/\/qnex.it\/index.php?rest_route=\/wp\/v2\/users\/1"}],"replies":[{"embeddable":true,"href":"http:\/\/qnex.it\/index.php?rest_route=%2Fwp%2Fv2%2Fcomments&post=689"}],"version-history":[{"count":4,"href":"http:\/\/qnex.it\/index.php?rest_route=\/wp\/v2\/posts\/689\/revisions"}],"predecessor-version":[{"id":694,"href":"http:\/\/qnex.it\/index.php?rest_route=\/wp\/v2\/posts\/689\/revisions\/694"}],"wp:featuredmedia":[{"embeddable":true,"href":"http:\/\/qnex.it\/index.php?rest_route=\/wp\/v2\/media\/695"}],"wp:attachment":[{"href":"http:\/\/qnex.it\/index.php?rest_route=%2Fwp%2Fv2%2Fmedia&parent=689"}],"wp:term":[{"taxonomy":"category","embeddable":true,"href":"http:\/\/qnex.it\/index.php?rest_route=%2Fwp%2Fv2%2Fcategories&post=689"},{"taxonomy":"post_tag","embeddable":true,"href":"http:\/\/qnex.it\/index.php?rest_route=%2Fwp%2Fv2%2Ftags&post=689"}],"curies":[{"name":"wp","href":"https:\/\/api.w.org\/{rel}","templated":true}]}}