{"id":826,"date":"2005-09-30T16:54:50","date_gmt":"2005-09-30T14:54:50","guid":{"rendered":"http:\/\/qnex.it\/?p=826"},"modified":"2018-03-05T17:05:35","modified_gmt":"2018-03-05T16:05:35","slug":"concezione-e-prime-edizioni-di-infomob-2004-2005","status":"publish","type":"post","link":"http:\/\/qnex.it\/?p=826&lang=it","title":{"rendered":"Concezione e prime edizioni di &#8222;Infomob&#8220;, 2004-2005"},"content":{"rendered":"<p><a href=\"http:\/\/qnex.it\/wp-content\/uploads\/2005\/09\/infomob2004_cover.jpg\"><img loading=\"lazy\" decoding=\"async\" class=\"alignright wp-image-823\" src=\"http:\/\/qnex.it\/wp-content\/uploads\/2005\/09\/infomob2004_cover.jpg\" alt=\"\" width=\"284\" height=\"387\" srcset=\"http:\/\/qnex.it\/wp-content\/uploads\/2005\/09\/infomob2004_cover.jpg 440w, http:\/\/qnex.it\/wp-content\/uploads\/2005\/09\/infomob2004_cover-220x300.jpg 220w\" sizes=\"auto, (max-width: 284px) 100vw, 284px\" \/><\/a>La Ripartizone Mobilit\u00e0 della Provincia Autonoma di Bolzano nel 2004 pubblic\u00f2 il primo rapporto su trasporti e mobilit\u00e0 in Alto Adige, &#8222;Infomob&#8220;. La concezione del rapporto, l&#8217;elaborazione e la presentazione dei dati nonch\u00e9 la produzione delle edizioni 2004 e 2005 avvennero a cura di <a href=\"http:\/\/www.apollis.it\" target=\"_blank\" rel=\"noopener\">apollis<\/a>, in collaborazione con Qnex. Dal 2006, &#8222;Infomob&#8220; \u00e8 pubblicato annualmente dall&#8217;istituto provinciale di statistica <a href=\"http:\/\/www.provinz.bz.it\/astat\" target=\"_blank\" rel=\"noopener\">ASTAT<\/a>.<\/p>\n<p>Qnex si occup\u00f2 dell&#8217;elaborazione e della presentazione dei dati sul trasporto pubblico (dati del sistema integrato e dei rilevamenti Trenitalia sui treni regionali). Per l&#8217;edizione 2004 come parte monografica fu presentato un confronto dell&#8217;offerta nel trasporto pubblico regionale 1994-2004.0<\/p>\n<p>Documenti:<\/p>\n<p><a href=\"http:\/\/qnex.it\/wp-content\/uploads\/2018\/03\/vergleich_angebot_oeV_1994-2004.pdf\" target=\"_blank\" rel=\"noopener\">L&#8217;offerta nel trasporto pubblico regionale in Alto Adige, confronto 1994-2004: analisi degli orari ufficiali, indice di accessibilit\u00e0 basato sulle componenti frequenza, modalit\u00e0, completezza e velocit\u00e0 (PDF, 272 KB).<\/a><\/p>\n<p><a href=\"http:\/\/qnex.it\/wp-content\/uploads\/2018\/03\/fahrgastzaehlungen_trenitalia_2004.pdf\" target=\"_blank\" rel=\"noopener\">Dati dei rilevamenti passeggeri di Trenitalia sui treni regionali in Alto Adige, 2004 (PDF 157 KB)<\/a><\/p>\n","protected":false},"excerpt":{"rendered":"<p>La Ripartizone Mobilit\u00e0 della Provincia Autonoma di Bolzano nel 2004 pubblic\u00f2 il primo rapporto su trasporti e mobilit\u00e0 in Alto Adige, &#8222;Infomob&#8220;. La concezione del rapporto, l&#8217;elaborazione e la presentazione &#8230;<\/p>\n","protected":false},"author":1,"featured_media":823,"comment_status":"closed","ping_status":"closed","sticky":false,"template":"","format":"standard","meta":{"footnotes":""},"categories":[11],"tags":[228,230,49],"class_list":["post-826","post","type-post","status-publish","format-standard","has-post-thumbnail","hentry","category-progetti","tag-dati-passeggeri","tag-infomob-it","tag-tpl"],"_links":{"self":[{"href":"http:\/\/qnex.it\/index.php?rest_route=\/wp\/v2\/posts\/826","targetHints":{"allow":["GET"]}}],"collection":[{"href":"http:\/\/qnex.it\/index.php?rest_route=\/wp\/v2\/posts"}],"about":[{"href":"http:\/\/qnex.it\/index.php?rest_route=\/wp\/v2\/types\/post"}],"author":[{"embeddable":true,"href":"http:\/\/qnex.it\/index.php?rest_route=\/wp\/v2\/users\/1"}],"replies":[{"embeddable":true,"href":"http:\/\/qnex.it\/index.php?rest_route=%2Fwp%2Fv2%2Fcomments&post=826"}],"version-history":[{"count":3,"href":"http:\/\/qnex.it\/index.php?rest_route=\/wp\/v2\/posts\/826\/revisions"}],"predecessor-version":[{"id":829,"href":"http:\/\/qnex.it\/index.php?rest_route=\/wp\/v2\/posts\/826\/revisions\/829"}],"wp:featuredmedia":[{"embeddable":true,"href":"http:\/\/qnex.it\/index.php?rest_route=\/wp\/v2\/media\/823"}],"wp:attachment":[{"href":"http:\/\/qnex.it\/index.php?rest_route=%2Fwp%2Fv2%2Fmedia&parent=826"}],"wp:term":[{"taxonomy":"category","embeddable":true,"href":"http:\/\/qnex.it\/index.php?rest_route=%2Fwp%2Fv2%2Fcategories&post=826"},{"taxonomy":"post_tag","embeddable":true,"href":"http:\/\/qnex.it\/index.php?rest_route=%2Fwp%2Fv2%2Ftags&post=826"}],"curies":[{"name":"wp","href":"https:\/\/api.w.org\/{rel}","templated":true}]}}